{"id":1768,"date":"2021-03-19T07:00:38","date_gmt":"2021-03-19T07:00:38","guid":{"rendered":"https:\/\/iskid.org.tr\/ichavakalitesi\/?p=1768"},"modified":"2021-04-28T07:47:34","modified_gmt":"2021-04-28T07:47:34","slug":"klimlendirme-sektoru-universite-sanayi-etkilesim-gunleri","status":"publish","type":"post","link":"https:\/\/iskid.org.tr\/ichavakalitesi\/klimlendirme-sektoru-universite-sanayi-etkilesim-gunleri\/","title":{"rendered":"Webinar: \u0130klimlendirme Sekt\u00f6r\u00fc \u00dcniversite-Sanayi Etkile\u015fim G\u00fcnleri"},"content":{"rendered":"","protected":false},"excerpt":{"rendered":"","protected":false},"author":2,"featured_media":1808,"comment_status":"open","ping_status":"open","sticky":false,"template":"","format":"standard","meta":{"jetpack_post_was_ever_published":false,"_jetpack_newsletter_access":"","_jetpack_dont_email_post_to_subs":false,"_jetpack_newsletter_tier_id":0,"_jetpack_memberships_contains_paywalled_content":false,"_jetpack_memberships_contains_paid_content":false,"footnotes":""},"categories":[5],"tags":[],"yoast_head":"<!-- This site is optimized with the Yoast SEO plugin v24.5 - https:\/\/yoast.com\/wordpress\/plugins\/seo\/ -->\n<title>klimlendirme Sekt\u00f6r\u00fc \u00dcniversite-Sanayi Etkile\u015fim G\u00fcnleri<\/title>\n<meta name=\"description\" content=\"\u0130SK\u0130D, 25 Mart Per\u015fembe g\u00fcn\u00fc saat 11:00-13:00 saatleri aras\u0131nda, &quot; \u0130klimlendirme Sekt\u00f6r\u00fc \u00dcniversite-Sanayi Etkile\u015fim G\u00fcnleri &quot; konulu bir webinar organize ediyor.\" \/>\n<meta name=\"robots\" content=\"index, follow, max-snippet:-1, max-image-preview:large, max-video-preview:-1\" \/>\n<link rel=\"canonical\" href=\"https:\/\/iskid.org.tr\/ichavakalitesi\/klimlendirme-sektoru-universite-sanayi-etkilesim-gunleri\/\" \/>\n<meta property=\"og:locale\" content=\"tr_TR\" \/>\n<meta property=\"og:type\" content=\"article\" \/>\n<meta property=\"og:title\" content=\"klimlendirme Sekt\u00f6r\u00fc \u00dcniversite-Sanayi Etkile\u015fim G\u00fcnleri\" \/>\n<meta property=\"og:description\" content=\"\u0130SK\u0130D, 25 Mart Per\u015fembe g\u00fcn\u00fc saat 11:00-13:00 saatleri aras\u0131nda, &quot; \u0130klimlendirme Sekt\u00f6r\u00fc \u00dcniversite-Sanayi Etkile\u015fim G\u00fcnleri &quot; konulu bir webinar organize ediyor.\" \/>\n<meta property=\"og:url\" content=\"https:\/\/iskid.org.tr\/ichavakalitesi\/klimlendirme-sektoru-universite-sanayi-etkilesim-gunleri\/\" \/>\n<meta property=\"og:site_name\" content=\"\u0130\u00e7 Hava Kalitesi\" \/>\n<meta property=\"article:published_time\" content=\"2021-03-19T07:00:38+00:00\" \/>\n<meta property=\"article:modified_time\" content=\"2021-04-28T07:47:34+00:00\" \/>\n<meta property=\"og:image\" content=\"https:\/\/i0.wp.com\/iskid.org.tr\/ichavakalitesi\/wp-content\/uploads\/2021\/04\/gorsel-11.jpg?fit=500%2C250&ssl=1\" \/>\n\t<meta property=\"og:image:width\" content=\"500\" \/>\n\t<meta property=\"og:image:height\" content=\"250\" \/>\n\t<meta property=\"og:image:type\" content=\"image\/jpeg\" \/>\n<meta name=\"author\" content=\"\u0130SK\u0130D\" \/>\n<meta name=\"twitter:card\" content=\"summary_large_image\" \/>\n<meta name=\"twitter:label1\" content=\"Yazan:\" \/>\n\t<meta name=\"twitter:data1\" content=\"\u0130SK\u0130D\" \/>\n<script type=\"application\/ld+json\" class=\"yoast-schema-graph\">{\"@context\":\"https:\/\/schema.org\",\"@graph\":[{\"@type\":\"WebPage\",\"@id\":\"https:\/\/iskid.org.tr\/ichavakalitesi\/klimlendirme-sektoru-universite-sanayi-etkilesim-gunleri\/\",\"url\":\"https:\/\/iskid.org.tr\/ichavakalitesi\/klimlendirme-sektoru-universite-sanayi-etkilesim-gunleri\/\",\"name\":\"klimlendirme Sekt\u00f6r\u00fc \u00dcniversite-Sanayi Etkile\u015fim G\u00fcnleri\",\"isPartOf\":{\"@id\":\"https:\/\/iskid.org.tr\/ichavakalitesi\/#website\"},\"primaryImageOfPage\":{\"@id\":\"https:\/\/iskid.org.tr\/ichavakalitesi\/klimlendirme-sektoru-universite-sanayi-etkilesim-gunleri\/#primaryimage\"},\"image\":{\"@id\":\"https:\/\/iskid.org.tr\/ichavakalitesi\/klimlendirme-sektoru-universite-sanayi-etkilesim-gunleri\/#primaryimage\"},\"thumbnailUrl\":\"https:\/\/iskid.org.tr\/ichavakalitesi\/wp-content\/uploads\/2021\/04\/gorsel-11.jpg\",\"datePublished\":\"2021-03-19T07:00:38+00:00\",\"dateModified\":\"2021-04-28T07:47:34+00:00\",\"author\":{\"@id\":\"https:\/\/iskid.org.tr\/ichavakalitesi\/#\/schema\/person\/cd13f50faeeca0ec4536d2dab4c1791f\"},\"description\":\"\u0130SK\u0130D, 25 Mart Per\u015fembe g\u00fcn\u00fc saat 11:00-13:00 saatleri aras\u0131nda, \\\" \u0130klimlendirme Sekt\u00f6r\u00fc \u00dcniversite-Sanayi Etkile\u015fim G\u00fcnleri \\\" konulu bir webinar organize ediyor.\",\"breadcrumb\":{\"@id\":\"https:\/\/iskid.org.tr\/ichavakalitesi\/klimlendirme-sektoru-universite-sanayi-etkilesim-gunleri\/#breadcrumb\"},\"inLanguage\":\"tr\",\"potentialAction\":[{\"@type\":\"ReadAction\",\"target\":[\"https:\/\/iskid.org.tr\/ichavakalitesi\/klimlendirme-sektoru-universite-sanayi-etkilesim-gunleri\/\"]}]},{\"@type\":\"ImageObject\",\"inLanguage\":\"tr\",\"@id\":\"https:\/\/iskid.org.tr\/ichavakalitesi\/klimlendirme-sektoru-universite-sanayi-etkilesim-gunleri\/#primaryimage\",\"url\":\"https:\/\/iskid.org.tr\/ichavakalitesi\/wp-content\/uploads\/2021\/04\/gorsel-11.jpg\",\"contentUrl\":\"https:\/\/iskid.org.tr\/ichavakalitesi\/wp-content\/uploads\/2021\/04\/gorsel-11.jpg\",\"width\":500,\"height\":250},{\"@type\":\"BreadcrumbList\",\"@id\":\"https:\/\/iskid.org.tr\/ichavakalitesi\/klimlendirme-sektoru-universite-sanayi-etkilesim-gunleri\/#breadcrumb\",\"itemListElement\":[{\"@type\":\"ListItem\",\"position\":1,\"name\":\"Ana sayfa\",\"item\":\"https:\/\/iskid.org.tr\/ichavakalitesi\/\"},{\"@type\":\"ListItem\",\"position\":2,\"name\":\"Webinar: \u0130klimlendirme Sekt\u00f6r\u00fc \u00dcniversite-Sanayi Etkile\u015fim G\u00fcnleri\"}]},{\"@type\":\"WebSite\",\"@id\":\"https:\/\/iskid.org.tr\/ichavakalitesi\/#website\",\"url\":\"https:\/\/iskid.org.tr\/ichavakalitesi\/\",\"name\":\"\u0130\u00e7 Hava Kalitesi\",\"description\":\"\u0130skid\",\"potentialAction\":[{\"@type\":\"SearchAction\",\"target\":{\"@type\":\"EntryPoint\",\"urlTemplate\":\"https:\/\/iskid.org.tr\/ichavakalitesi\/?s={search_term_string}\"},\"query-input\":{\"@type\":\"PropertyValueSpecification\",\"valueRequired\":true,\"valueName\":\"search_term_string\"}}],\"inLanguage\":\"tr\"},{\"@type\":\"Person\",\"@id\":\"https:\/\/iskid.org.tr\/ichavakalitesi\/#\/schema\/person\/cd13f50faeeca0ec4536d2dab4c1791f\",\"name\":\"\u0130SK\u0130D\",\"image\":{\"@type\":\"ImageObject\",\"inLanguage\":\"tr\",\"@id\":\"https:\/\/iskid.org.tr\/ichavakalitesi\/#\/schema\/person\/image\/\",\"url\":\"https:\/\/secure.gravatar.com\/avatar\/9c860747226e4c89fbc179d79183ca0c?s=96&d=mm&r=g\",\"contentUrl\":\"https:\/\/secure.gravatar.com\/avatar\/9c860747226e4c89fbc179d79183ca0c?s=96&d=mm&r=g\",\"caption\":\"\u0130SK\u0130D\"},\"url\":\"https:\/\/iskid.org.tr\/ichavakalitesi\/author\/kaan\/\"}]}<\/script>\n<!-- \/ Yoast SEO plugin. -->","yoast_head_json":{"title":"klimlendirme Sekt\u00f6r\u00fc \u00dcniversite-Sanayi Etkile\u015fim G\u00fcnleri","description":"\u0130SK\u0130D, 25 Mart Per\u015fembe g\u00fcn\u00fc saat 11:00-13:00 saatleri aras\u0131nda, \" \u0130klimlendirme Sekt\u00f6r\u00fc \u00dcniversite-Sanayi Etkile\u015fim G\u00fcnleri \" konulu bir webinar organize ediyor.","robots":{"index":"index","follow":"follow","max-snippet":"max-snippet:-1","max-image-preview":"max-image-preview:large","max-video-preview":"max-video-preview:-1"},"canonical":"https:\/\/iskid.org.tr\/ichavakalitesi\/klimlendirme-sektoru-universite-sanayi-etkilesim-gunleri\/","og_locale":"tr_TR","og_type":"article","og_title":"klimlendirme Sekt\u00f6r\u00fc \u00dcniversite-Sanayi Etkile\u015fim G\u00fcnleri","og_description":"\u0130SK\u0130D, 25 Mart Per\u015fembe g\u00fcn\u00fc saat 11:00-13:00 saatleri aras\u0131nda, \" \u0130klimlendirme Sekt\u00f6r\u00fc \u00dcniversite-Sanayi Etkile\u015fim G\u00fcnleri \" konulu bir webinar organize ediyor.","og_url":"https:\/\/iskid.org.tr\/ichavakalitesi\/klimlendirme-sektoru-universite-sanayi-etkilesim-gunleri\/","og_site_name":"\u0130\u00e7 Hava Kalitesi","article_published_time":"2021-03-19T07:00:38+00:00","article_modified_time":"2021-04-28T07:47:34+00:00","og_image":[{"width":500,"height":250,"url":"https:\/\/i0.wp.com\/iskid.org.tr\/ichavakalitesi\/wp-content\/uploads\/2021\/04\/gorsel-11.jpg?fit=500%2C250&ssl=1","type":"image\/jpeg"}],"author":"\u0130SK\u0130D","twitter_card":"summary_large_image","twitter_misc":{"Yazan:":"\u0130SK\u0130D"},"schema":{"@context":"https:\/\/schema.org","@graph":[{"@type":"WebPage","@id":"https:\/\/iskid.org.tr\/ichavakalitesi\/klimlendirme-sektoru-universite-sanayi-etkilesim-gunleri\/","url":"https:\/\/iskid.org.tr\/ichavakalitesi\/klimlendirme-sektoru-universite-sanayi-etkilesim-gunleri\/","name":"klimlendirme Sekt\u00f6r\u00fc \u00dcniversite-Sanayi Etkile\u015fim G\u00fcnleri","isPartOf":{"@id":"https:\/\/iskid.org.tr\/ichavakalitesi\/#website"},"primaryImageOfPage":{"@id":"https:\/\/iskid.org.tr\/ichavakalitesi\/klimlendirme-sektoru-universite-sanayi-etkilesim-gunleri\/#primaryimage"},"image":{"@id":"https:\/\/iskid.org.tr\/ichavakalitesi\/klimlendirme-sektoru-universite-sanayi-etkilesim-gunleri\/#primaryimage"},"thumbnailUrl":"https:\/\/iskid.org.tr\/ichavakalitesi\/wp-content\/uploads\/2021\/04\/gorsel-11.jpg","datePublished":"2021-03-19T07:00:38+00:00","dateModified":"2021-04-28T07:47:34+00:00","author":{"@id":"https:\/\/iskid.org.tr\/ichavakalitesi\/#\/schema\/person\/cd13f50faeeca0ec4536d2dab4c1791f"},"description":"\u0130SK\u0130D, 25 Mart Per\u015fembe g\u00fcn\u00fc saat 11:00-13:00 saatleri aras\u0131nda, \" \u0130klimlendirme Sekt\u00f6r\u00fc \u00dcniversite-Sanayi Etkile\u015fim G\u00fcnleri \" konulu bir webinar organize ediyor.","breadcrumb":{"@id":"https:\/\/iskid.org.tr\/ichavakalitesi\/klimlendirme-sektoru-universite-sanayi-etkilesim-gunleri\/#breadcrumb"},"inLanguage":"tr","potentialAction":[{"@type":"ReadAction","target":["https:\/\/iskid.org.tr\/ichavakalitesi\/klimlendirme-sektoru-universite-sanayi-etkilesim-gunleri\/"]}]},{"@type":"ImageObject","inLanguage":"tr","@id":"https:\/\/iskid.org.tr\/ichavakalitesi\/klimlendirme-sektoru-universite-sanayi-etkilesim-gunleri\/#primaryimage","url":"https:\/\/iskid.org.tr\/ichavakalitesi\/wp-content\/uploads\/2021\/04\/gorsel-11.jpg","contentUrl":"https:\/\/iskid.org.tr\/ichavakalitesi\/wp-content\/uploads\/2021\/04\/gorsel-11.jpg","width":500,"height":250},{"@type":"BreadcrumbList","@id":"https:\/\/iskid.org.tr\/ichavakalitesi\/klimlendirme-sektoru-universite-sanayi-etkilesim-gunleri\/#breadcrumb","itemListElement":[{"@type":"ListItem","position":1,"name":"Ana sayfa","item":"https:\/\/iskid.org.tr\/ichavakalitesi\/"},{"@type":"ListItem","position":2,"name":"Webinar: \u0130klimlendirme Sekt\u00f6r\u00fc \u00dcniversite-Sanayi Etkile\u015fim G\u00fcnleri"}]},{"@type":"WebSite","@id":"https:\/\/iskid.org.tr\/ichavakalitesi\/#website","url":"https:\/\/iskid.org.tr\/ichavakalitesi\/","name":"\u0130\u00e7 Hava Kalitesi","description":"\u0130skid","potentialAction":[{"@type":"SearchAction","target":{"@type":"EntryPoint","urlTemplate":"https:\/\/iskid.org.tr\/ichavakalitesi\/?s={search_term_string}"},"query-input":{"@type":"PropertyValueSpecification","valueRequired":true,"valueName":"search_term_string"}}],"inLanguage":"tr"},{"@type":"Person","@id":"https:\/\/iskid.org.tr\/ichavakalitesi\/#\/schema\/person\/cd13f50faeeca0ec4536d2dab4c1791f","name":"\u0130SK\u0130D","image":{"@type":"ImageObject","inLanguage":"tr","@id":"https:\/\/iskid.org.tr\/ichavakalitesi\/#\/schema\/person\/image\/","url":"https:\/\/secure.gravatar.com\/avatar\/9c860747226e4c89fbc179d79183ca0c?s=96&d=mm&r=g","contentUrl":"https:\/\/secure.gravatar.com\/avatar\/9c860747226e4c89fbc179d79183ca0c?s=96&d=mm&r=g","caption":"\u0130SK\u0130D"},"url":"https:\/\/iskid.org.tr\/ichavakalitesi\/author\/kaan\/"}]}},"jetpack_featured_media_url":"https:\/\/iskid.org.tr\/ichavakalitesi\/wp-content\/uploads\/2021\/04\/gorsel-11.jpg","jetpack_sharing_enabled":true,"_links":{"self":[{"href":"https:\/\/iskid.org.tr\/ichavakalitesi\/wp-json\/wp\/v2\/posts\/1768"}],"collection":[{"href":"https:\/\/iskid.org.tr\/ichavakalitesi\/wp-json\/wp\/v2\/posts"}],"about":[{"href":"https:\/\/iskid.org.tr\/ichavakalitesi\/wp-json\/wp\/v2\/types\/post"}],"author":[{"embeddable":true,"href":"https:\/\/iskid.org.tr\/ichavakalitesi\/wp-json\/wp\/v2\/users\/2"}],"replies":[{"embeddable":true,"href":"https:\/\/iskid.org.tr\/ichavakalitesi\/wp-json\/wp\/v2\/comments?post=1768"}],"version-history":[{"count":4,"href":"https:\/\/iskid.org.tr\/ichavakalitesi\/wp-json\/wp\/v2\/posts\/1768\/revisions"}],"predecessor-version":[{"id":1809,"href":"https:\/\/iskid.org.tr\/ichavakalitesi\/wp-json\/wp\/v2\/posts\/1768\/revisions\/1809"}],"wp:featuredmedia":[{"embeddable":true,"href":"https:\/\/iskid.org.tr\/ichavakalitesi\/wp-json\/wp\/v2\/media\/1808"}],"wp:attachment":[{"href":"https:\/\/iskid.org.tr\/ichavakalitesi\/wp-json\/wp\/v2\/media?parent=1768"}],"wp:term":[{"taxonomy":"category","embeddable":true,"href":"https:\/\/iskid.org.tr\/ichavakalitesi\/wp-json\/wp\/v2\/categories?post=1768"},{"taxonomy":"post_tag","embeddable":true,"href":"https:\/\/iskid.org.tr\/ichavakalitesi\/wp-json\/wp\/v2\/tags?post=1768"}],"curies":[{"name":"wp","href":"https:\/\/api.w.org\/{rel}","templated":true}]}}