{"id":1627,"date":"2021-02-07T19:18:45","date_gmt":"2021-02-07T19:18:45","guid":{"rendered":"https:\/\/iskid.org.tr\/ichavakalitesi\/?p=1627"},"modified":"2021-02-25T06:31:42","modified_gmt":"2021-02-25T06:31:42","slug":"iskid-covid-19-guncel-durumu-asilanma-sureci-ve-filtrasyon-yontemleri-konulu-webinar-duzenliyor","status":"publish","type":"post","link":"https:\/\/iskid.org.tr\/ichavakalitesi\/iskid-covid-19-guncel-durumu-asilanma-sureci-ve-filtrasyon-yontemleri-konulu-webinar-duzenliyor\/","title":{"rendered":"\u0130SK\u0130D, Covid-19 G\u00fcncel Durumu, A\u015f\u0131lanma S\u00fcreci ve Filtrasyon Y\u00f6ntemleri konulu webinar d\u00fczenledi"},"content":{"rendered":"","protected":false},"excerpt":{"rendered":"","protected":false},"author":2,"featured_media":1696,"comment_status":"open","ping_status":"open","sticky":false,"template":"","format":"standard","meta":{"jetpack_post_was_ever_published":false,"_jetpack_newsletter_access":"","_jetpack_dont_email_post_to_subs":false,"_jetpack_newsletter_tier_id":0,"_jetpack_memberships_contains_paywalled_content":false,"_jetpack_memberships_contains_paid_content":false,"footnotes":""},"categories":[5],"tags":[],"yoast_head":"<!-- This site is optimized with the Yoast SEO plugin v24.5 - https:\/\/yoast.com\/wordpress\/plugins\/seo\/ -->\n<title>Covid-19 G\u00fcncel Durumu, A\u015f\u0131lanma S\u00fcreci ve Filtrasyon Y\u00f6ntemleri<\/title>\n<meta name=\"description\" content=\"Webinarda, sa\u011fl\u0131k a\u00e7\u0131s\u0131ndan gittik\u00e7e \u00f6nem kazanan ve bula\u015f riskini azaltan havaland\u0131rma, filtrasyon ve taze havan\u0131n \u00f6nemi ile birlikte, Covid-19\u2019a kar\u015f\u0131 toplumsal ba\u011f\u0131\u015f\u0131kl\u0131k i\u00e7in gerekli olan a\u015f\u0131lanma s\u00fcreci ile ilgili g\u00fcncel bilgiler uzmanlar taraf\u0131ndan kat\u0131l\u0131mc\u0131larla payla\u015f\u0131lacak.\" \/>\n<meta name=\"robots\" content=\"index, follow, max-snippet:-1, max-image-preview:large, max-video-preview:-1\" \/>\n<link rel=\"canonical\" href=\"https:\/\/iskid.org.tr\/ichavakalitesi\/iskid-covid-19-guncel-durumu-asilanma-sureci-ve-filtrasyon-yontemleri-konulu-webinar-duzenliyor\/\" \/>\n<meta property=\"og:locale\" content=\"tr_TR\" \/>\n<meta property=\"og:type\" content=\"article\" \/>\n<meta property=\"og:title\" content=\"Covid-19 G\u00fcncel Durumu, A\u015f\u0131lanma S\u00fcreci ve Filtrasyon Y\u00f6ntemleri\" \/>\n<meta property=\"og:description\" content=\"Webinarda, sa\u011fl\u0131k a\u00e7\u0131s\u0131ndan gittik\u00e7e \u00f6nem kazanan ve bula\u015f riskini azaltan havaland\u0131rma, filtrasyon ve taze havan\u0131n \u00f6nemi ile birlikte, Covid-19\u2019a kar\u015f\u0131 toplumsal ba\u011f\u0131\u015f\u0131kl\u0131k i\u00e7in gerekli olan a\u015f\u0131lanma s\u00fcreci ile ilgili g\u00fcncel bilgiler uzmanlar taraf\u0131ndan kat\u0131l\u0131mc\u0131larla payla\u015f\u0131lacak.\" \/>\n<meta property=\"og:url\" content=\"https:\/\/iskid.org.tr\/ichavakalitesi\/iskid-covid-19-guncel-durumu-asilanma-sureci-ve-filtrasyon-yontemleri-konulu-webinar-duzenliyor\/\" \/>\n<meta property=\"og:site_name\" content=\"\u0130\u00e7 Hava Kalitesi\" \/>\n<meta property=\"article:published_time\" content=\"2021-02-07T19:18:45+00:00\" \/>\n<meta property=\"article:modified_time\" content=\"2021-02-25T06:31:42+00:00\" \/>\n<meta property=\"og:image\" content=\"https:\/\/i0.wp.com\/iskid.org.tr\/ichavakalitesi\/wp-content\/uploads\/2021\/02\/Webinar_Covid-19-asilama.jpg?fit=500%2C250&ssl=1\" \/>\n\t<meta property=\"og:image:width\" content=\"500\" \/>\n\t<meta property=\"og:image:height\" content=\"250\" \/>\n\t<meta property=\"og:image:type\" content=\"image\/jpeg\" \/>\n<meta name=\"author\" content=\"\u0130SK\u0130D\" \/>\n<meta name=\"twitter:card\" content=\"summary_large_image\" \/>\n<meta name=\"twitter:label1\" content=\"Yazan:\" \/>\n\t<meta name=\"twitter:data1\" content=\"\u0130SK\u0130D\" \/>\n<script type=\"application\/ld+json\" class=\"yoast-schema-graph\">{\"@context\":\"https:\/\/schema.org\",\"@graph\":[{\"@type\":\"WebPage\",\"@id\":\"https:\/\/iskid.org.tr\/ichavakalitesi\/iskid-covid-19-guncel-durumu-asilanma-sureci-ve-filtrasyon-yontemleri-konulu-webinar-duzenliyor\/\",\"url\":\"https:\/\/iskid.org.tr\/ichavakalitesi\/iskid-covid-19-guncel-durumu-asilanma-sureci-ve-filtrasyon-yontemleri-konulu-webinar-duzenliyor\/\",\"name\":\"Covid-19 G\u00fcncel Durumu, A\u015f\u0131lanma S\u00fcreci ve Filtrasyon Y\u00f6ntemleri\",\"isPartOf\":{\"@id\":\"https:\/\/iskid.org.tr\/ichavakalitesi\/#website\"},\"primaryImageOfPage\":{\"@id\":\"https:\/\/iskid.org.tr\/ichavakalitesi\/iskid-covid-19-guncel-durumu-asilanma-sureci-ve-filtrasyon-yontemleri-konulu-webinar-duzenliyor\/#primaryimage\"},\"image\":{\"@id\":\"https:\/\/iskid.org.tr\/ichavakalitesi\/iskid-covid-19-guncel-durumu-asilanma-sureci-ve-filtrasyon-yontemleri-konulu-webinar-duzenliyor\/#primaryimage\"},\"thumbnailUrl\":\"https:\/\/iskid.org.tr\/ichavakalitesi\/wp-content\/uploads\/2021\/02\/Webinar_Covid-19-asilama.jpg\",\"datePublished\":\"2021-02-07T19:18:45+00:00\",\"dateModified\":\"2021-02-25T06:31:42+00:00\",\"author\":{\"@id\":\"https:\/\/iskid.org.tr\/ichavakalitesi\/#\/schema\/person\/cd13f50faeeca0ec4536d2dab4c1791f\"},\"description\":\"Webinarda, sa\u011fl\u0131k a\u00e7\u0131s\u0131ndan gittik\u00e7e \u00f6nem kazanan ve bula\u015f riskini azaltan havaland\u0131rma, filtrasyon ve taze havan\u0131n \u00f6nemi ile birlikte, Covid-19\u2019a kar\u015f\u0131 toplumsal ba\u011f\u0131\u015f\u0131kl\u0131k i\u00e7in gerekli olan a\u015f\u0131lanma s\u00fcreci ile ilgili g\u00fcncel bilgiler uzmanlar taraf\u0131ndan kat\u0131l\u0131mc\u0131larla payla\u015f\u0131lacak.\",\"breadcrumb\":{\"@id\":\"https:\/\/iskid.org.tr\/ichavakalitesi\/iskid-covid-19-guncel-durumu-asilanma-sureci-ve-filtrasyon-yontemleri-konulu-webinar-duzenliyor\/#breadcrumb\"},\"inLanguage\":\"tr\",\"potentialAction\":[{\"@type\":\"ReadAction\",\"target\":[\"https:\/\/iskid.org.tr\/ichavakalitesi\/iskid-covid-19-guncel-durumu-asilanma-sureci-ve-filtrasyon-yontemleri-konulu-webinar-duzenliyor\/\"]}]},{\"@type\":\"ImageObject\",\"inLanguage\":\"tr\",\"@id\":\"https:\/\/iskid.org.tr\/ichavakalitesi\/iskid-covid-19-guncel-durumu-asilanma-sureci-ve-filtrasyon-yontemleri-konulu-webinar-duzenliyor\/#primaryimage\",\"url\":\"https:\/\/iskid.org.tr\/ichavakalitesi\/wp-content\/uploads\/2021\/02\/Webinar_Covid-19-asilama.jpg\",\"contentUrl\":\"https:\/\/iskid.org.tr\/ichavakalitesi\/wp-content\/uploads\/2021\/02\/Webinar_Covid-19-asilama.jpg\",\"width\":500,\"height\":250},{\"@type\":\"BreadcrumbList\",\"@id\":\"https:\/\/iskid.org.tr\/ichavakalitesi\/iskid-covid-19-guncel-durumu-asilanma-sureci-ve-filtrasyon-yontemleri-konulu-webinar-duzenliyor\/#breadcrumb\",\"itemListElement\":[{\"@type\":\"ListItem\",\"position\":1,\"name\":\"Ana sayfa\",\"item\":\"https:\/\/iskid.org.tr\/ichavakalitesi\/\"},{\"@type\":\"ListItem\",\"position\":2,\"name\":\"\u0130SK\u0130D, Covid-19 G\u00fcncel Durumu, A\u015f\u0131lanma S\u00fcreci ve Filtrasyon Y\u00f6ntemleri konulu webinar d\u00fczenledi\"}]},{\"@type\":\"WebSite\",\"@id\":\"https:\/\/iskid.org.tr\/ichavakalitesi\/#website\",\"url\":\"https:\/\/iskid.org.tr\/ichavakalitesi\/\",\"name\":\"\u0130\u00e7 Hava Kalitesi\",\"description\":\"\u0130skid\",\"potentialAction\":[{\"@type\":\"SearchAction\",\"target\":{\"@type\":\"EntryPoint\",\"urlTemplate\":\"https:\/\/iskid.org.tr\/ichavakalitesi\/?s={search_term_string}\"},\"query-input\":{\"@type\":\"PropertyValueSpecification\",\"valueRequired\":true,\"valueName\":\"search_term_string\"}}],\"inLanguage\":\"tr\"},{\"@type\":\"Person\",\"@id\":\"https:\/\/iskid.org.tr\/ichavakalitesi\/#\/schema\/person\/cd13f50faeeca0ec4536d2dab4c1791f\",\"name\":\"\u0130SK\u0130D\",\"image\":{\"@type\":\"ImageObject\",\"inLanguage\":\"tr\",\"@id\":\"https:\/\/iskid.org.tr\/ichavakalitesi\/#\/schema\/person\/image\/\",\"url\":\"https:\/\/secure.gravatar.com\/avatar\/9c860747226e4c89fbc179d79183ca0c?s=96&d=mm&r=g\",\"contentUrl\":\"https:\/\/secure.gravatar.com\/avatar\/9c860747226e4c89fbc179d79183ca0c?s=96&d=mm&r=g\",\"caption\":\"\u0130SK\u0130D\"},\"url\":\"https:\/\/iskid.org.tr\/ichavakalitesi\/author\/kaan\/\"}]}<\/script>\n<!-- \/ Yoast SEO plugin. -->","yoast_head_json":{"title":"Covid-19 G\u00fcncel Durumu, A\u015f\u0131lanma S\u00fcreci ve Filtrasyon Y\u00f6ntemleri","description":"Webinarda, sa\u011fl\u0131k a\u00e7\u0131s\u0131ndan gittik\u00e7e \u00f6nem kazanan ve bula\u015f riskini azaltan havaland\u0131rma, filtrasyon ve taze havan\u0131n \u00f6nemi ile birlikte, Covid-19\u2019a kar\u015f\u0131 toplumsal ba\u011f\u0131\u015f\u0131kl\u0131k i\u00e7in gerekli olan a\u015f\u0131lanma s\u00fcreci ile ilgili g\u00fcncel bilgiler uzmanlar taraf\u0131ndan kat\u0131l\u0131mc\u0131larla payla\u015f\u0131lacak.","robots":{"index":"index","follow":"follow","max-snippet":"max-snippet:-1","max-image-preview":"max-image-preview:large","max-video-preview":"max-video-preview:-1"},"canonical":"https:\/\/iskid.org.tr\/ichavakalitesi\/iskid-covid-19-guncel-durumu-asilanma-sureci-ve-filtrasyon-yontemleri-konulu-webinar-duzenliyor\/","og_locale":"tr_TR","og_type":"article","og_title":"Covid-19 G\u00fcncel Durumu, A\u015f\u0131lanma S\u00fcreci ve Filtrasyon Y\u00f6ntemleri","og_description":"Webinarda, sa\u011fl\u0131k a\u00e7\u0131s\u0131ndan gittik\u00e7e \u00f6nem kazanan ve bula\u015f riskini azaltan havaland\u0131rma, filtrasyon ve taze havan\u0131n \u00f6nemi ile birlikte, Covid-19\u2019a kar\u015f\u0131 toplumsal ba\u011f\u0131\u015f\u0131kl\u0131k i\u00e7in gerekli olan a\u015f\u0131lanma s\u00fcreci ile ilgili g\u00fcncel bilgiler uzmanlar taraf\u0131ndan kat\u0131l\u0131mc\u0131larla payla\u015f\u0131lacak.","og_url":"https:\/\/iskid.org.tr\/ichavakalitesi\/iskid-covid-19-guncel-durumu-asilanma-sureci-ve-filtrasyon-yontemleri-konulu-webinar-duzenliyor\/","og_site_name":"\u0130\u00e7 Hava Kalitesi","article_published_time":"2021-02-07T19:18:45+00:00","article_modified_time":"2021-02-25T06:31:42+00:00","og_image":[{"width":500,"height":250,"url":"https:\/\/i0.wp.com\/iskid.org.tr\/ichavakalitesi\/wp-content\/uploads\/2021\/02\/Webinar_Covid-19-asilama.jpg?fit=500%2C250&ssl=1","type":"image\/jpeg"}],"author":"\u0130SK\u0130D","twitter_card":"summary_large_image","twitter_misc":{"Yazan:":"\u0130SK\u0130D"},"schema":{"@context":"https:\/\/schema.org","@graph":[{"@type":"WebPage","@id":"https:\/\/iskid.org.tr\/ichavakalitesi\/iskid-covid-19-guncel-durumu-asilanma-sureci-ve-filtrasyon-yontemleri-konulu-webinar-duzenliyor\/","url":"https:\/\/iskid.org.tr\/ichavakalitesi\/iskid-covid-19-guncel-durumu-asilanma-sureci-ve-filtrasyon-yontemleri-konulu-webinar-duzenliyor\/","name":"Covid-19 G\u00fcncel Durumu, A\u015f\u0131lanma S\u00fcreci ve Filtrasyon Y\u00f6ntemleri","isPartOf":{"@id":"https:\/\/iskid.org.tr\/ichavakalitesi\/#website"},"primaryImageOfPage":{"@id":"https:\/\/iskid.org.tr\/ichavakalitesi\/iskid-covid-19-guncel-durumu-asilanma-sureci-ve-filtrasyon-yontemleri-konulu-webinar-duzenliyor\/#primaryimage"},"image":{"@id":"https:\/\/iskid.org.tr\/ichavakalitesi\/iskid-covid-19-guncel-durumu-asilanma-sureci-ve-filtrasyon-yontemleri-konulu-webinar-duzenliyor\/#primaryimage"},"thumbnailUrl":"https:\/\/iskid.org.tr\/ichavakalitesi\/wp-content\/uploads\/2021\/02\/Webinar_Covid-19-asilama.jpg","datePublished":"2021-02-07T19:18:45+00:00","dateModified":"2021-02-25T06:31:42+00:00","author":{"@id":"https:\/\/iskid.org.tr\/ichavakalitesi\/#\/schema\/person\/cd13f50faeeca0ec4536d2dab4c1791f"},"description":"Webinarda, sa\u011fl\u0131k a\u00e7\u0131s\u0131ndan gittik\u00e7e \u00f6nem kazanan ve bula\u015f riskini azaltan havaland\u0131rma, filtrasyon ve taze havan\u0131n \u00f6nemi ile birlikte, Covid-19\u2019a kar\u015f\u0131 toplumsal ba\u011f\u0131\u015f\u0131kl\u0131k i\u00e7in gerekli olan a\u015f\u0131lanma s\u00fcreci ile ilgili g\u00fcncel bilgiler uzmanlar taraf\u0131ndan kat\u0131l\u0131mc\u0131larla payla\u015f\u0131lacak.","breadcrumb":{"@id":"https:\/\/iskid.org.tr\/ichavakalitesi\/iskid-covid-19-guncel-durumu-asilanma-sureci-ve-filtrasyon-yontemleri-konulu-webinar-duzenliyor\/#breadcrumb"},"inLanguage":"tr","potentialAction":[{"@type":"ReadAction","target":["https:\/\/iskid.org.tr\/ichavakalitesi\/iskid-covid-19-guncel-durumu-asilanma-sureci-ve-filtrasyon-yontemleri-konulu-webinar-duzenliyor\/"]}]},{"@type":"ImageObject","inLanguage":"tr","@id":"https:\/\/iskid.org.tr\/ichavakalitesi\/iskid-covid-19-guncel-durumu-asilanma-sureci-ve-filtrasyon-yontemleri-konulu-webinar-duzenliyor\/#primaryimage","url":"https:\/\/iskid.org.tr\/ichavakalitesi\/wp-content\/uploads\/2021\/02\/Webinar_Covid-19-asilama.jpg","contentUrl":"https:\/\/iskid.org.tr\/ichavakalitesi\/wp-content\/uploads\/2021\/02\/Webinar_Covid-19-asilama.jpg","width":500,"height":250},{"@type":"BreadcrumbList","@id":"https:\/\/iskid.org.tr\/ichavakalitesi\/iskid-covid-19-guncel-durumu-asilanma-sureci-ve-filtrasyon-yontemleri-konulu-webinar-duzenliyor\/#breadcrumb","itemListElement":[{"@type":"ListItem","position":1,"name":"Ana sayfa","item":"https:\/\/iskid.org.tr\/ichavakalitesi\/"},{"@type":"ListItem","position":2,"name":"\u0130SK\u0130D, Covid-19 G\u00fcncel Durumu, A\u015f\u0131lanma S\u00fcreci ve Filtrasyon Y\u00f6ntemleri konulu webinar d\u00fczenledi"}]},{"@type":"WebSite","@id":"https:\/\/iskid.org.tr\/ichavakalitesi\/#website","url":"https:\/\/iskid.org.tr\/ichavakalitesi\/","name":"\u0130\u00e7 Hava Kalitesi","description":"\u0130skid","potentialAction":[{"@type":"SearchAction","target":{"@type":"EntryPoint","urlTemplate":"https:\/\/iskid.org.tr\/ichavakalitesi\/?s={search_term_string}"},"query-input":{"@type":"PropertyValueSpecification","valueRequired":true,"valueName":"search_term_string"}}],"inLanguage":"tr"},{"@type":"Person","@id":"https:\/\/iskid.org.tr\/ichavakalitesi\/#\/schema\/person\/cd13f50faeeca0ec4536d2dab4c1791f","name":"\u0130SK\u0130D","image":{"@type":"ImageObject","inLanguage":"tr","@id":"https:\/\/iskid.org.tr\/ichavakalitesi\/#\/schema\/person\/image\/","url":"https:\/\/secure.gravatar.com\/avatar\/9c860747226e4c89fbc179d79183ca0c?s=96&d=mm&r=g","contentUrl":"https:\/\/secure.gravatar.com\/avatar\/9c860747226e4c89fbc179d79183ca0c?s=96&d=mm&r=g","caption":"\u0130SK\u0130D"},"url":"https:\/\/iskid.org.tr\/ichavakalitesi\/author\/kaan\/"}]}},"jetpack_featured_media_url":"https:\/\/iskid.org.tr\/ichavakalitesi\/wp-content\/uploads\/2021\/02\/Webinar_Covid-19-asilama.jpg","jetpack_sharing_enabled":true,"_links":{"self":[{"href":"https:\/\/iskid.org.tr\/ichavakalitesi\/wp-json\/wp\/v2\/posts\/1627"}],"collection":[{"href":"https:\/\/iskid.org.tr\/ichavakalitesi\/wp-json\/wp\/v2\/posts"}],"about":[{"href":"https:\/\/iskid.org.tr\/ichavakalitesi\/wp-json\/wp\/v2\/types\/post"}],"author":[{"embeddable":true,"href":"https:\/\/iskid.org.tr\/ichavakalitesi\/wp-json\/wp\/v2\/users\/2"}],"replies":[{"embeddable":true,"href":"https:\/\/iskid.org.tr\/ichavakalitesi\/wp-json\/wp\/v2\/comments?post=1627"}],"version-history":[{"count":5,"href":"https:\/\/iskid.org.tr\/ichavakalitesi\/wp-json\/wp\/v2\/posts\/1627\/revisions"}],"predecessor-version":[{"id":1700,"href":"https:\/\/iskid.org.tr\/ichavakalitesi\/wp-json\/wp\/v2\/posts\/1627\/revisions\/1700"}],"wp:featuredmedia":[{"embeddable":true,"href":"https:\/\/iskid.org.tr\/ichavakalitesi\/wp-json\/wp\/v2\/media\/1696"}],"wp:attachment":[{"href":"https:\/\/iskid.org.tr\/ichavakalitesi\/wp-json\/wp\/v2\/media?parent=1627"}],"wp:term":[{"taxonomy":"category","embeddable":true,"href":"https:\/\/iskid.org.tr\/ichavakalitesi\/wp-json\/wp\/v2\/categories?post=1627"},{"taxonomy":"post_tag","embeddable":true,"href":"https:\/\/iskid.org.tr\/ichavakalitesi\/wp-json\/wp\/v2\/tags?post=1627"}],"curies":[{"name":"wp","href":"https:\/\/api.w.org\/{rel}","templated":true}]}}