{"id":1543,"date":"2020-11-25T10:30:34","date_gmt":"2020-11-25T10:30:34","guid":{"rendered":"https:\/\/iskid.org.tr\/ichavakalitesi\/?p=1543"},"modified":"2020-11-25T10:33:13","modified_gmt":"2020-11-25T10:33:13","slug":"webinar-okullarda-havalandirma-sistemleri-ve-pandemi","status":"publish","type":"post","link":"https:\/\/iskid.org.tr\/ichavakalitesi\/webinar-okullarda-havalandirma-sistemleri-ve-pandemi\/","title":{"rendered":"Webinar: \u201cOkullarda Havaland\u0131rma Sistemleri ve Pandemi\u201d"},"content":{"rendered":"","protected":false},"excerpt":{"rendered":"","protected":false},"author":2,"featured_media":1544,"comment_status":"open","ping_status":"open","sticky":false,"template":"","format":"standard","meta":{"jetpack_post_was_ever_published":false,"_jetpack_newsletter_access":"","_jetpack_dont_email_post_to_subs":false,"_jetpack_newsletter_tier_id":0,"_jetpack_memberships_contains_paywalled_content":false,"_jetpack_memberships_contains_paid_content":false,"footnotes":""},"categories":[5],"tags":[],"yoast_head":"<!-- This site is optimized with the Yoast SEO plugin v24.5 - https:\/\/yoast.com\/wordpress\/plugins\/seo\/ -->\n<title>Okullarda Havaland\u0131rma Sistemleri ve Pandemi<\/title>\n<meta name=\"description\" content=\"\u0130SK\u0130D olarak i\u00e7 hava kalitesinin \u00f6neminin topluma anlat\u0131lmas\u0131 i\u00e7in ileti\u015fim \u00e7al\u0131\u015fmalar\u0131na ba\u015flad\u0131klar\u0131n\u0131 ve bu kapsamda havandegissin.org sitesini a\u00e7t\u0131klar\u0131n\u0131 s\u00f6yledi. Okullarda i\u00e7 hava kalitesinin \u00e7ocuklar\u0131n \u00f6\u011frenme s\u00fcre\u00e7leri ve sa\u011fl\u0131klar\u0131 \u00fczerinde \u00f6nemli etkileri\" \/>\n<meta name=\"robots\" content=\"index, follow, max-snippet:-1, max-image-preview:large, max-video-preview:-1\" \/>\n<link rel=\"canonical\" href=\"https:\/\/iskid.org.tr\/ichavakalitesi\/webinar-okullarda-havalandirma-sistemleri-ve-pandemi\/\" \/>\n<meta property=\"og:locale\" content=\"tr_TR\" \/>\n<meta property=\"og:type\" content=\"article\" \/>\n<meta property=\"og:title\" content=\"Okullarda Havaland\u0131rma Sistemleri ve Pandemi\" \/>\n<meta property=\"og:description\" content=\"\u0130SK\u0130D olarak i\u00e7 hava kalitesinin \u00f6neminin topluma anlat\u0131lmas\u0131 i\u00e7in ileti\u015fim \u00e7al\u0131\u015fmalar\u0131na ba\u015flad\u0131klar\u0131n\u0131 ve bu kapsamda havandegissin.org sitesini a\u00e7t\u0131klar\u0131n\u0131 s\u00f6yledi. Okullarda i\u00e7 hava kalitesinin \u00e7ocuklar\u0131n \u00f6\u011frenme s\u00fcre\u00e7leri ve sa\u011fl\u0131klar\u0131 \u00fczerinde \u00f6nemli etkileri\" \/>\n<meta property=\"og:url\" content=\"https:\/\/iskid.org.tr\/ichavakalitesi\/webinar-okullarda-havalandirma-sistemleri-ve-pandemi\/\" \/>\n<meta property=\"og:site_name\" content=\"\u0130\u00e7 Hava Kalitesi\" \/>\n<meta property=\"article:published_time\" content=\"2020-11-25T10:30:34+00:00\" \/>\n<meta property=\"article:modified_time\" content=\"2020-11-25T10:33:13+00:00\" \/>\n<meta property=\"og:image\" content=\"https:\/\/i2.wp.com\/iskid.org.tr\/ichavakalitesi\/wp-content\/uploads\/2020\/11\/Okullarda-havalandirma-sistemleri-ve-pandemi_WEB.jpg?fit=500%2C250&ssl=1\" \/>\n\t<meta property=\"og:image:width\" content=\"500\" \/>\n\t<meta property=\"og:image:height\" content=\"250\" \/>\n\t<meta property=\"og:image:type\" content=\"image\/jpeg\" \/>\n<meta name=\"author\" content=\"\u0130SK\u0130D\" \/>\n<meta name=\"twitter:card\" content=\"summary_large_image\" \/>\n<meta name=\"twitter:label1\" content=\"Yazan:\" \/>\n\t<meta name=\"twitter:data1\" content=\"\u0130SK\u0130D\" \/>\n<script type=\"application\/ld+json\" class=\"yoast-schema-graph\">{\"@context\":\"https:\/\/schema.org\",\"@graph\":[{\"@type\":\"WebPage\",\"@id\":\"https:\/\/iskid.org.tr\/ichavakalitesi\/webinar-okullarda-havalandirma-sistemleri-ve-pandemi\/\",\"url\":\"https:\/\/iskid.org.tr\/ichavakalitesi\/webinar-okullarda-havalandirma-sistemleri-ve-pandemi\/\",\"name\":\"Okullarda Havaland\u0131rma Sistemleri ve Pandemi\",\"isPartOf\":{\"@id\":\"https:\/\/iskid.org.tr\/ichavakalitesi\/#website\"},\"primaryImageOfPage\":{\"@id\":\"https:\/\/iskid.org.tr\/ichavakalitesi\/webinar-okullarda-havalandirma-sistemleri-ve-pandemi\/#primaryimage\"},\"image\":{\"@id\":\"https:\/\/iskid.org.tr\/ichavakalitesi\/webinar-okullarda-havalandirma-sistemleri-ve-pandemi\/#primaryimage\"},\"thumbnailUrl\":\"https:\/\/iskid.org.tr\/ichavakalitesi\/wp-content\/uploads\/2020\/11\/Okullarda-havalandirma-sistemleri-ve-pandemi_WEB.jpg\",\"datePublished\":\"2020-11-25T10:30:34+00:00\",\"dateModified\":\"2020-11-25T10:33:13+00:00\",\"author\":{\"@id\":\"https:\/\/iskid.org.tr\/ichavakalitesi\/#\/schema\/person\/cd13f50faeeca0ec4536d2dab4c1791f\"},\"description\":\"\u0130SK\u0130D olarak i\u00e7 hava kalitesinin \u00f6neminin topluma anlat\u0131lmas\u0131 i\u00e7in ileti\u015fim \u00e7al\u0131\u015fmalar\u0131na ba\u015flad\u0131klar\u0131n\u0131 ve bu kapsamda havandegissin.org sitesini a\u00e7t\u0131klar\u0131n\u0131 s\u00f6yledi. Okullarda i\u00e7 hava kalitesinin \u00e7ocuklar\u0131n \u00f6\u011frenme s\u00fcre\u00e7leri ve sa\u011fl\u0131klar\u0131 \u00fczerinde \u00f6nemli etkileri\",\"breadcrumb\":{\"@id\":\"https:\/\/iskid.org.tr\/ichavakalitesi\/webinar-okullarda-havalandirma-sistemleri-ve-pandemi\/#breadcrumb\"},\"inLanguage\":\"tr\",\"potentialAction\":[{\"@type\":\"ReadAction\",\"target\":[\"https:\/\/iskid.org.tr\/ichavakalitesi\/webinar-okullarda-havalandirma-sistemleri-ve-pandemi\/\"]}]},{\"@type\":\"ImageObject\",\"inLanguage\":\"tr\",\"@id\":\"https:\/\/iskid.org.tr\/ichavakalitesi\/webinar-okullarda-havalandirma-sistemleri-ve-pandemi\/#primaryimage\",\"url\":\"https:\/\/iskid.org.tr\/ichavakalitesi\/wp-content\/uploads\/2020\/11\/Okullarda-havalandirma-sistemleri-ve-pandemi_WEB.jpg\",\"contentUrl\":\"https:\/\/iskid.org.tr\/ichavakalitesi\/wp-content\/uploads\/2020\/11\/Okullarda-havalandirma-sistemleri-ve-pandemi_WEB.jpg\",\"width\":500,\"height\":250},{\"@type\":\"BreadcrumbList\",\"@id\":\"https:\/\/iskid.org.tr\/ichavakalitesi\/webinar-okullarda-havalandirma-sistemleri-ve-pandemi\/#breadcrumb\",\"itemListElement\":[{\"@type\":\"ListItem\",\"position\":1,\"name\":\"Ana sayfa\",\"item\":\"https:\/\/iskid.org.tr\/ichavakalitesi\/\"},{\"@type\":\"ListItem\",\"position\":2,\"name\":\"Webinar: \u201cOkullarda Havaland\u0131rma Sistemleri ve Pandemi\u201d\"}]},{\"@type\":\"WebSite\",\"@id\":\"https:\/\/iskid.org.tr\/ichavakalitesi\/#website\",\"url\":\"https:\/\/iskid.org.tr\/ichavakalitesi\/\",\"name\":\"\u0130\u00e7 Hava Kalitesi\",\"description\":\"\u0130skid\",\"potentialAction\":[{\"@type\":\"SearchAction\",\"target\":{\"@type\":\"EntryPoint\",\"urlTemplate\":\"https:\/\/iskid.org.tr\/ichavakalitesi\/?s={search_term_string}\"},\"query-input\":{\"@type\":\"PropertyValueSpecification\",\"valueRequired\":true,\"valueName\":\"search_term_string\"}}],\"inLanguage\":\"tr\"},{\"@type\":\"Person\",\"@id\":\"https:\/\/iskid.org.tr\/ichavakalitesi\/#\/schema\/person\/cd13f50faeeca0ec4536d2dab4c1791f\",\"name\":\"\u0130SK\u0130D\",\"image\":{\"@type\":\"ImageObject\",\"inLanguage\":\"tr\",\"@id\":\"https:\/\/iskid.org.tr\/ichavakalitesi\/#\/schema\/person\/image\/\",\"url\":\"https:\/\/secure.gravatar.com\/avatar\/9c860747226e4c89fbc179d79183ca0c?s=96&d=mm&r=g\",\"contentUrl\":\"https:\/\/secure.gravatar.com\/avatar\/9c860747226e4c89fbc179d79183ca0c?s=96&d=mm&r=g\",\"caption\":\"\u0130SK\u0130D\"},\"url\":\"https:\/\/iskid.org.tr\/ichavakalitesi\/author\/kaan\/\"}]}<\/script>\n<!-- \/ Yoast SEO plugin. -->","yoast_head_json":{"title":"Okullarda Havaland\u0131rma Sistemleri ve Pandemi","description":"\u0130SK\u0130D olarak i\u00e7 hava kalitesinin \u00f6neminin topluma anlat\u0131lmas\u0131 i\u00e7in ileti\u015fim \u00e7al\u0131\u015fmalar\u0131na ba\u015flad\u0131klar\u0131n\u0131 ve bu kapsamda havandegissin.org sitesini a\u00e7t\u0131klar\u0131n\u0131 s\u00f6yledi. Okullarda i\u00e7 hava kalitesinin \u00e7ocuklar\u0131n \u00f6\u011frenme s\u00fcre\u00e7leri ve sa\u011fl\u0131klar\u0131 \u00fczerinde \u00f6nemli etkileri","robots":{"index":"index","follow":"follow","max-snippet":"max-snippet:-1","max-image-preview":"max-image-preview:large","max-video-preview":"max-video-preview:-1"},"canonical":"https:\/\/iskid.org.tr\/ichavakalitesi\/webinar-okullarda-havalandirma-sistemleri-ve-pandemi\/","og_locale":"tr_TR","og_type":"article","og_title":"Okullarda Havaland\u0131rma Sistemleri ve Pandemi","og_description":"\u0130SK\u0130D olarak i\u00e7 hava kalitesinin \u00f6neminin topluma anlat\u0131lmas\u0131 i\u00e7in ileti\u015fim \u00e7al\u0131\u015fmalar\u0131na ba\u015flad\u0131klar\u0131n\u0131 ve bu kapsamda havandegissin.org sitesini a\u00e7t\u0131klar\u0131n\u0131 s\u00f6yledi. Okullarda i\u00e7 hava kalitesinin \u00e7ocuklar\u0131n \u00f6\u011frenme s\u00fcre\u00e7leri ve sa\u011fl\u0131klar\u0131 \u00fczerinde \u00f6nemli etkileri","og_url":"https:\/\/iskid.org.tr\/ichavakalitesi\/webinar-okullarda-havalandirma-sistemleri-ve-pandemi\/","og_site_name":"\u0130\u00e7 Hava Kalitesi","article_published_time":"2020-11-25T10:30:34+00:00","article_modified_time":"2020-11-25T10:33:13+00:00","og_image":[{"width":500,"height":250,"url":"https:\/\/i2.wp.com\/iskid.org.tr\/ichavakalitesi\/wp-content\/uploads\/2020\/11\/Okullarda-havalandirma-sistemleri-ve-pandemi_WEB.jpg?fit=500%2C250&ssl=1","type":"image\/jpeg"}],"author":"\u0130SK\u0130D","twitter_card":"summary_large_image","twitter_misc":{"Yazan:":"\u0130SK\u0130D"},"schema":{"@context":"https:\/\/schema.org","@graph":[{"@type":"WebPage","@id":"https:\/\/iskid.org.tr\/ichavakalitesi\/webinar-okullarda-havalandirma-sistemleri-ve-pandemi\/","url":"https:\/\/iskid.org.tr\/ichavakalitesi\/webinar-okullarda-havalandirma-sistemleri-ve-pandemi\/","name":"Okullarda Havaland\u0131rma Sistemleri ve Pandemi","isPartOf":{"@id":"https:\/\/iskid.org.tr\/ichavakalitesi\/#website"},"primaryImageOfPage":{"@id":"https:\/\/iskid.org.tr\/ichavakalitesi\/webinar-okullarda-havalandirma-sistemleri-ve-pandemi\/#primaryimage"},"image":{"@id":"https:\/\/iskid.org.tr\/ichavakalitesi\/webinar-okullarda-havalandirma-sistemleri-ve-pandemi\/#primaryimage"},"thumbnailUrl":"https:\/\/iskid.org.tr\/ichavakalitesi\/wp-content\/uploads\/2020\/11\/Okullarda-havalandirma-sistemleri-ve-pandemi_WEB.jpg","datePublished":"2020-11-25T10:30:34+00:00","dateModified":"2020-11-25T10:33:13+00:00","author":{"@id":"https:\/\/iskid.org.tr\/ichavakalitesi\/#\/schema\/person\/cd13f50faeeca0ec4536d2dab4c1791f"},"description":"\u0130SK\u0130D olarak i\u00e7 hava kalitesinin \u00f6neminin topluma anlat\u0131lmas\u0131 i\u00e7in ileti\u015fim \u00e7al\u0131\u015fmalar\u0131na ba\u015flad\u0131klar\u0131n\u0131 ve bu kapsamda havandegissin.org sitesini a\u00e7t\u0131klar\u0131n\u0131 s\u00f6yledi. Okullarda i\u00e7 hava kalitesinin \u00e7ocuklar\u0131n \u00f6\u011frenme s\u00fcre\u00e7leri ve sa\u011fl\u0131klar\u0131 \u00fczerinde \u00f6nemli etkileri","breadcrumb":{"@id":"https:\/\/iskid.org.tr\/ichavakalitesi\/webinar-okullarda-havalandirma-sistemleri-ve-pandemi\/#breadcrumb"},"inLanguage":"tr","potentialAction":[{"@type":"ReadAction","target":["https:\/\/iskid.org.tr\/ichavakalitesi\/webinar-okullarda-havalandirma-sistemleri-ve-pandemi\/"]}]},{"@type":"ImageObject","inLanguage":"tr","@id":"https:\/\/iskid.org.tr\/ichavakalitesi\/webinar-okullarda-havalandirma-sistemleri-ve-pandemi\/#primaryimage","url":"https:\/\/iskid.org.tr\/ichavakalitesi\/wp-content\/uploads\/2020\/11\/Okullarda-havalandirma-sistemleri-ve-pandemi_WEB.jpg","contentUrl":"https:\/\/iskid.org.tr\/ichavakalitesi\/wp-content\/uploads\/2020\/11\/Okullarda-havalandirma-sistemleri-ve-pandemi_WEB.jpg","width":500,"height":250},{"@type":"BreadcrumbList","@id":"https:\/\/iskid.org.tr\/ichavakalitesi\/webinar-okullarda-havalandirma-sistemleri-ve-pandemi\/#breadcrumb","itemListElement":[{"@type":"ListItem","position":1,"name":"Ana sayfa","item":"https:\/\/iskid.org.tr\/ichavakalitesi\/"},{"@type":"ListItem","position":2,"name":"Webinar: \u201cOkullarda Havaland\u0131rma Sistemleri ve Pandemi\u201d"}]},{"@type":"WebSite","@id":"https:\/\/iskid.org.tr\/ichavakalitesi\/#website","url":"https:\/\/iskid.org.tr\/ichavakalitesi\/","name":"\u0130\u00e7 Hava Kalitesi","description":"\u0130skid","potentialAction":[{"@type":"SearchAction","target":{"@type":"EntryPoint","urlTemplate":"https:\/\/iskid.org.tr\/ichavakalitesi\/?s={search_term_string}"},"query-input":{"@type":"PropertyValueSpecification","valueRequired":true,"valueName":"search_term_string"}}],"inLanguage":"tr"},{"@type":"Person","@id":"https:\/\/iskid.org.tr\/ichavakalitesi\/#\/schema\/person\/cd13f50faeeca0ec4536d2dab4c1791f","name":"\u0130SK\u0130D","image":{"@type":"ImageObject","inLanguage":"tr","@id":"https:\/\/iskid.org.tr\/ichavakalitesi\/#\/schema\/person\/image\/","url":"https:\/\/secure.gravatar.com\/avatar\/9c860747226e4c89fbc179d79183ca0c?s=96&d=mm&r=g","contentUrl":"https:\/\/secure.gravatar.com\/avatar\/9c860747226e4c89fbc179d79183ca0c?s=96&d=mm&r=g","caption":"\u0130SK\u0130D"},"url":"https:\/\/iskid.org.tr\/ichavakalitesi\/author\/kaan\/"}]}},"jetpack_featured_media_url":"https:\/\/iskid.org.tr\/ichavakalitesi\/wp-content\/uploads\/2020\/11\/Okullarda-havalandirma-sistemleri-ve-pandemi_WEB.jpg","jetpack_sharing_enabled":true,"_links":{"self":[{"href":"https:\/\/iskid.org.tr\/ichavakalitesi\/wp-json\/wp\/v2\/posts\/1543"}],"collection":[{"href":"https:\/\/iskid.org.tr\/ichavakalitesi\/wp-json\/wp\/v2\/posts"}],"about":[{"href":"https:\/\/iskid.org.tr\/ichavakalitesi\/wp-json\/wp\/v2\/types\/post"}],"author":[{"embeddable":true,"href":"https:\/\/iskid.org.tr\/ichavakalitesi\/wp-json\/wp\/v2\/users\/2"}],"replies":[{"embeddable":true,"href":"https:\/\/iskid.org.tr\/ichavakalitesi\/wp-json\/wp\/v2\/comments?post=1543"}],"version-history":[{"count":3,"href":"https:\/\/iskid.org.tr\/ichavakalitesi\/wp-json\/wp\/v2\/posts\/1543\/revisions"}],"predecessor-version":[{"id":1547,"href":"https:\/\/iskid.org.tr\/ichavakalitesi\/wp-json\/wp\/v2\/posts\/1543\/revisions\/1547"}],"wp:featuredmedia":[{"embeddable":true,"href":"https:\/\/iskid.org.tr\/ichavakalitesi\/wp-json\/wp\/v2\/media\/1544"}],"wp:attachment":[{"href":"https:\/\/iskid.org.tr\/ichavakalitesi\/wp-json\/wp\/v2\/media?parent=1543"}],"wp:term":[{"taxonomy":"category","embeddable":true,"href":"https:\/\/iskid.org.tr\/ichavakalitesi\/wp-json\/wp\/v2\/categories?post=1543"},{"taxonomy":"post_tag","embeddable":true,"href":"https:\/\/iskid.org.tr\/ichavakalitesi\/wp-json\/wp\/v2\/tags?post=1543"}],"curies":[{"name":"wp","href":"https:\/\/api.w.org\/{rel}","templated":true}]}}