{"id":1525,"date":"2020-11-13T10:48:30","date_gmt":"2020-11-13T10:48:30","guid":{"rendered":"https:\/\/iskid.org.tr\/ichavakalitesi\/?p=1525"},"modified":"2020-11-21T17:43:43","modified_gmt":"2020-11-21T17:43:43","slug":"webinar-iklimlendirme-trendleri","status":"publish","type":"post","link":"https:\/\/iskid.org.tr\/ichavakalitesi\/webinar-iklimlendirme-trendleri\/","title":{"rendered":"Webinar: &#8220;\u0130klimlendirme Trendleri&#8221;"},"content":{"rendered":"","protected":false},"excerpt":{"rendered":"","protected":false},"author":2,"featured_media":1542,"comment_status":"open","ping_status":"open","sticky":false,"template":"","format":"standard","meta":{"jetpack_post_was_ever_published":false,"_jetpack_newsletter_access":"","_jetpack_dont_email_post_to_subs":false,"_jetpack_newsletter_tier_id":0,"_jetpack_memberships_contains_paywalled_content":false,"_jetpack_memberships_contains_paid_content":false,"footnotes":""},"categories":[5],"tags":[],"yoast_head":"<!-- This site is optimized with the Yoast SEO plugin v24.5 - https:\/\/yoast.com\/wordpress\/plugins\/seo\/ -->\n<title>Pandemi etkisinde ekonomik veriler ve i\u00e7 hava kalitesinin \u00f6nemi<\/title>\n<meta name=\"description\" content=\"Sa\u011fl\u0131\u011f\u0131m\u0131za do\u011frudan ya da dolayl\u0131 olarak etki eden i\u00e7 hava kalitesi, zaman\u0131m\u0131z\u0131n b\u00fcy\u00fck b\u00f6l\u00fcm\u00fcn\u00fc kapal\u0131 mekanlarda ge\u00e7irdi\u011fimiz bu g\u00fcnlerde \u00fczerinde durulmas\u0131 gereken \u00f6nemli konular\u0131n ba\u015f\u0131nda geliyor.\" \/>\n<meta name=\"robots\" content=\"index, follow, max-snippet:-1, max-image-preview:large, max-video-preview:-1\" \/>\n<link rel=\"canonical\" href=\"https:\/\/iskid.org.tr\/ichavakalitesi\/webinar-iklimlendirme-trendleri\/\" \/>\n<meta property=\"og:locale\" content=\"tr_TR\" \/>\n<meta property=\"og:type\" content=\"article\" \/>\n<meta property=\"og:title\" content=\"Pandemi etkisinde ekonomik veriler ve i\u00e7 hava kalitesinin \u00f6nemi\" \/>\n<meta property=\"og:description\" content=\"Sa\u011fl\u0131\u011f\u0131m\u0131za do\u011frudan ya da dolayl\u0131 olarak etki eden i\u00e7 hava kalitesi, zaman\u0131m\u0131z\u0131n b\u00fcy\u00fck b\u00f6l\u00fcm\u00fcn\u00fc kapal\u0131 mekanlarda ge\u00e7irdi\u011fimiz bu g\u00fcnlerde \u00fczerinde durulmas\u0131 gereken \u00f6nemli konular\u0131n ba\u015f\u0131nda geliyor.\" \/>\n<meta property=\"og:url\" content=\"https:\/\/iskid.org.tr\/ichavakalitesi\/webinar-iklimlendirme-trendleri\/\" \/>\n<meta property=\"og:site_name\" content=\"\u0130\u00e7 Hava Kalitesi\" \/>\n<meta property=\"article:published_time\" content=\"2020-11-13T10:48:30+00:00\" \/>\n<meta property=\"article:modified_time\" content=\"2020-11-21T17:43:43+00:00\" \/>\n<meta property=\"og:image\" content=\"https:\/\/i1.wp.com\/iskid.org.tr\/ichavakalitesi\/wp-content\/uploads\/2020\/11\/iklimlendirme-trendleri_webb-1.jpg?fit=900%2C600&ssl=1\" \/>\n\t<meta property=\"og:image:width\" content=\"900\" \/>\n\t<meta property=\"og:image:height\" content=\"600\" \/>\n\t<meta property=\"og:image:type\" content=\"image\/jpeg\" \/>\n<meta name=\"author\" content=\"\u0130SK\u0130D\" \/>\n<meta name=\"twitter:card\" content=\"summary_large_image\" \/>\n<meta name=\"twitter:label1\" content=\"Yazan:\" \/>\n\t<meta name=\"twitter:data1\" content=\"\u0130SK\u0130D\" \/>\n<script type=\"application\/ld+json\" class=\"yoast-schema-graph\">{\"@context\":\"https:\/\/schema.org\",\"@graph\":[{\"@type\":\"WebPage\",\"@id\":\"https:\/\/iskid.org.tr\/ichavakalitesi\/webinar-iklimlendirme-trendleri\/\",\"url\":\"https:\/\/iskid.org.tr\/ichavakalitesi\/webinar-iklimlendirme-trendleri\/\",\"name\":\"Pandemi etkisinde ekonomik veriler ve i\u00e7 hava kalitesinin \u00f6nemi\",\"isPartOf\":{\"@id\":\"https:\/\/iskid.org.tr\/ichavakalitesi\/#website\"},\"primaryImageOfPage\":{\"@id\":\"https:\/\/iskid.org.tr\/ichavakalitesi\/webinar-iklimlendirme-trendleri\/#primaryimage\"},\"image\":{\"@id\":\"https:\/\/iskid.org.tr\/ichavakalitesi\/webinar-iklimlendirme-trendleri\/#primaryimage\"},\"thumbnailUrl\":\"https:\/\/iskid.org.tr\/ichavakalitesi\/wp-content\/uploads\/2020\/11\/iklimlendirme-trendleri_webb-1.jpg\",\"datePublished\":\"2020-11-13T10:48:30+00:00\",\"dateModified\":\"2020-11-21T17:43:43+00:00\",\"author\":{\"@id\":\"https:\/\/iskid.org.tr\/ichavakalitesi\/#\/schema\/person\/cd13f50faeeca0ec4536d2dab4c1791f\"},\"description\":\"Sa\u011fl\u0131\u011f\u0131m\u0131za do\u011frudan ya da dolayl\u0131 olarak etki eden i\u00e7 hava kalitesi, zaman\u0131m\u0131z\u0131n b\u00fcy\u00fck b\u00f6l\u00fcm\u00fcn\u00fc kapal\u0131 mekanlarda ge\u00e7irdi\u011fimiz bu g\u00fcnlerde \u00fczerinde durulmas\u0131 gereken \u00f6nemli konular\u0131n ba\u015f\u0131nda geliyor.\",\"breadcrumb\":{\"@id\":\"https:\/\/iskid.org.tr\/ichavakalitesi\/webinar-iklimlendirme-trendleri\/#breadcrumb\"},\"inLanguage\":\"tr\",\"potentialAction\":[{\"@type\":\"ReadAction\",\"target\":[\"https:\/\/iskid.org.tr\/ichavakalitesi\/webinar-iklimlendirme-trendleri\/\"]}]},{\"@type\":\"ImageObject\",\"inLanguage\":\"tr\",\"@id\":\"https:\/\/iskid.org.tr\/ichavakalitesi\/webinar-iklimlendirme-trendleri\/#primaryimage\",\"url\":\"https:\/\/iskid.org.tr\/ichavakalitesi\/wp-content\/uploads\/2020\/11\/iklimlendirme-trendleri_webb-1.jpg\",\"contentUrl\":\"https:\/\/iskid.org.tr\/ichavakalitesi\/wp-content\/uploads\/2020\/11\/iklimlendirme-trendleri_webb-1.jpg\",\"width\":900,\"height\":600},{\"@type\":\"BreadcrumbList\",\"@id\":\"https:\/\/iskid.org.tr\/ichavakalitesi\/webinar-iklimlendirme-trendleri\/#breadcrumb\",\"itemListElement\":[{\"@type\":\"ListItem\",\"position\":1,\"name\":\"Ana sayfa\",\"item\":\"https:\/\/iskid.org.tr\/ichavakalitesi\/\"},{\"@type\":\"ListItem\",\"position\":2,\"name\":\"Webinar: &#8220;\u0130klimlendirme Trendleri&#8221;\"}]},{\"@type\":\"WebSite\",\"@id\":\"https:\/\/iskid.org.tr\/ichavakalitesi\/#website\",\"url\":\"https:\/\/iskid.org.tr\/ichavakalitesi\/\",\"name\":\"\u0130\u00e7 Hava Kalitesi\",\"description\":\"\u0130skid\",\"potentialAction\":[{\"@type\":\"SearchAction\",\"target\":{\"@type\":\"EntryPoint\",\"urlTemplate\":\"https:\/\/iskid.org.tr\/ichavakalitesi\/?s={search_term_string}\"},\"query-input\":{\"@type\":\"PropertyValueSpecification\",\"valueRequired\":true,\"valueName\":\"search_term_string\"}}],\"inLanguage\":\"tr\"},{\"@type\":\"Person\",\"@id\":\"https:\/\/iskid.org.tr\/ichavakalitesi\/#\/schema\/person\/cd13f50faeeca0ec4536d2dab4c1791f\",\"name\":\"\u0130SK\u0130D\",\"image\":{\"@type\":\"ImageObject\",\"inLanguage\":\"tr\",\"@id\":\"https:\/\/iskid.org.tr\/ichavakalitesi\/#\/schema\/person\/image\/\",\"url\":\"https:\/\/secure.gravatar.com\/avatar\/9c860747226e4c89fbc179d79183ca0c?s=96&d=mm&r=g\",\"contentUrl\":\"https:\/\/secure.gravatar.com\/avatar\/9c860747226e4c89fbc179d79183ca0c?s=96&d=mm&r=g\",\"caption\":\"\u0130SK\u0130D\"},\"url\":\"https:\/\/iskid.org.tr\/ichavakalitesi\/author\/kaan\/\"}]}<\/script>\n<!-- \/ Yoast SEO plugin. -->","yoast_head_json":{"title":"Pandemi etkisinde ekonomik veriler ve i\u00e7 hava kalitesinin \u00f6nemi","description":"Sa\u011fl\u0131\u011f\u0131m\u0131za do\u011frudan ya da dolayl\u0131 olarak etki eden i\u00e7 hava kalitesi, zaman\u0131m\u0131z\u0131n b\u00fcy\u00fck b\u00f6l\u00fcm\u00fcn\u00fc kapal\u0131 mekanlarda ge\u00e7irdi\u011fimiz bu g\u00fcnlerde \u00fczerinde durulmas\u0131 gereken \u00f6nemli konular\u0131n ba\u015f\u0131nda geliyor.","robots":{"index":"index","follow":"follow","max-snippet":"max-snippet:-1","max-image-preview":"max-image-preview:large","max-video-preview":"max-video-preview:-1"},"canonical":"https:\/\/iskid.org.tr\/ichavakalitesi\/webinar-iklimlendirme-trendleri\/","og_locale":"tr_TR","og_type":"article","og_title":"Pandemi etkisinde ekonomik veriler ve i\u00e7 hava kalitesinin \u00f6nemi","og_description":"Sa\u011fl\u0131\u011f\u0131m\u0131za do\u011frudan ya da dolayl\u0131 olarak etki eden i\u00e7 hava kalitesi, zaman\u0131m\u0131z\u0131n b\u00fcy\u00fck b\u00f6l\u00fcm\u00fcn\u00fc kapal\u0131 mekanlarda ge\u00e7irdi\u011fimiz bu g\u00fcnlerde \u00fczerinde durulmas\u0131 gereken \u00f6nemli konular\u0131n ba\u015f\u0131nda geliyor.","og_url":"https:\/\/iskid.org.tr\/ichavakalitesi\/webinar-iklimlendirme-trendleri\/","og_site_name":"\u0130\u00e7 Hava Kalitesi","article_published_time":"2020-11-13T10:48:30+00:00","article_modified_time":"2020-11-21T17:43:43+00:00","og_image":[{"width":900,"height":600,"url":"https:\/\/i1.wp.com\/iskid.org.tr\/ichavakalitesi\/wp-content\/uploads\/2020\/11\/iklimlendirme-trendleri_webb-1.jpg?fit=900%2C600&ssl=1","type":"image\/jpeg"}],"author":"\u0130SK\u0130D","twitter_card":"summary_large_image","twitter_misc":{"Yazan:":"\u0130SK\u0130D"},"schema":{"@context":"https:\/\/schema.org","@graph":[{"@type":"WebPage","@id":"https:\/\/iskid.org.tr\/ichavakalitesi\/webinar-iklimlendirme-trendleri\/","url":"https:\/\/iskid.org.tr\/ichavakalitesi\/webinar-iklimlendirme-trendleri\/","name":"Pandemi etkisinde ekonomik veriler ve i\u00e7 hava kalitesinin \u00f6nemi","isPartOf":{"@id":"https:\/\/iskid.org.tr\/ichavakalitesi\/#website"},"primaryImageOfPage":{"@id":"https:\/\/iskid.org.tr\/ichavakalitesi\/webinar-iklimlendirme-trendleri\/#primaryimage"},"image":{"@id":"https:\/\/iskid.org.tr\/ichavakalitesi\/webinar-iklimlendirme-trendleri\/#primaryimage"},"thumbnailUrl":"https:\/\/iskid.org.tr\/ichavakalitesi\/wp-content\/uploads\/2020\/11\/iklimlendirme-trendleri_webb-1.jpg","datePublished":"2020-11-13T10:48:30+00:00","dateModified":"2020-11-21T17:43:43+00:00","author":{"@id":"https:\/\/iskid.org.tr\/ichavakalitesi\/#\/schema\/person\/cd13f50faeeca0ec4536d2dab4c1791f"},"description":"Sa\u011fl\u0131\u011f\u0131m\u0131za do\u011frudan ya da dolayl\u0131 olarak etki eden i\u00e7 hava kalitesi, zaman\u0131m\u0131z\u0131n b\u00fcy\u00fck b\u00f6l\u00fcm\u00fcn\u00fc kapal\u0131 mekanlarda ge\u00e7irdi\u011fimiz bu g\u00fcnlerde \u00fczerinde durulmas\u0131 gereken \u00f6nemli konular\u0131n ba\u015f\u0131nda geliyor.","breadcrumb":{"@id":"https:\/\/iskid.org.tr\/ichavakalitesi\/webinar-iklimlendirme-trendleri\/#breadcrumb"},"inLanguage":"tr","potentialAction":[{"@type":"ReadAction","target":["https:\/\/iskid.org.tr\/ichavakalitesi\/webinar-iklimlendirme-trendleri\/"]}]},{"@type":"ImageObject","inLanguage":"tr","@id":"https:\/\/iskid.org.tr\/ichavakalitesi\/webinar-iklimlendirme-trendleri\/#primaryimage","url":"https:\/\/iskid.org.tr\/ichavakalitesi\/wp-content\/uploads\/2020\/11\/iklimlendirme-trendleri_webb-1.jpg","contentUrl":"https:\/\/iskid.org.tr\/ichavakalitesi\/wp-content\/uploads\/2020\/11\/iklimlendirme-trendleri_webb-1.jpg","width":900,"height":600},{"@type":"BreadcrumbList","@id":"https:\/\/iskid.org.tr\/ichavakalitesi\/webinar-iklimlendirme-trendleri\/#breadcrumb","itemListElement":[{"@type":"ListItem","position":1,"name":"Ana sayfa","item":"https:\/\/iskid.org.tr\/ichavakalitesi\/"},{"@type":"ListItem","position":2,"name":"Webinar: &#8220;\u0130klimlendirme Trendleri&#8221;"}]},{"@type":"WebSite","@id":"https:\/\/iskid.org.tr\/ichavakalitesi\/#website","url":"https:\/\/iskid.org.tr\/ichavakalitesi\/","name":"\u0130\u00e7 Hava Kalitesi","description":"\u0130skid","potentialAction":[{"@type":"SearchAction","target":{"@type":"EntryPoint","urlTemplate":"https:\/\/iskid.org.tr\/ichavakalitesi\/?s={search_term_string}"},"query-input":{"@type":"PropertyValueSpecification","valueRequired":true,"valueName":"search_term_string"}}],"inLanguage":"tr"},{"@type":"Person","@id":"https:\/\/iskid.org.tr\/ichavakalitesi\/#\/schema\/person\/cd13f50faeeca0ec4536d2dab4c1791f","name":"\u0130SK\u0130D","image":{"@type":"ImageObject","inLanguage":"tr","@id":"https:\/\/iskid.org.tr\/ichavakalitesi\/#\/schema\/person\/image\/","url":"https:\/\/secure.gravatar.com\/avatar\/9c860747226e4c89fbc179d79183ca0c?s=96&d=mm&r=g","contentUrl":"https:\/\/secure.gravatar.com\/avatar\/9c860747226e4c89fbc179d79183ca0c?s=96&d=mm&r=g","caption":"\u0130SK\u0130D"},"url":"https:\/\/iskid.org.tr\/ichavakalitesi\/author\/kaan\/"}]}},"jetpack_featured_media_url":"https:\/\/iskid.org.tr\/ichavakalitesi\/wp-content\/uploads\/2020\/11\/iklimlendirme-trendleri_webb-1.jpg","jetpack_sharing_enabled":true,"_links":{"self":[{"href":"https:\/\/iskid.org.tr\/ichavakalitesi\/wp-json\/wp\/v2\/posts\/1525"}],"collection":[{"href":"https:\/\/iskid.org.tr\/ichavakalitesi\/wp-json\/wp\/v2\/posts"}],"about":[{"href":"https:\/\/iskid.org.tr\/ichavakalitesi\/wp-json\/wp\/v2\/types\/post"}],"author":[{"embeddable":true,"href":"https:\/\/iskid.org.tr\/ichavakalitesi\/wp-json\/wp\/v2\/users\/2"}],"replies":[{"embeddable":true,"href":"https:\/\/iskid.org.tr\/ichavakalitesi\/wp-json\/wp\/v2\/comments?post=1525"}],"version-history":[{"count":5,"href":"https:\/\/iskid.org.tr\/ichavakalitesi\/wp-json\/wp\/v2\/posts\/1525\/revisions"}],"predecessor-version":[{"id":1541,"href":"https:\/\/iskid.org.tr\/ichavakalitesi\/wp-json\/wp\/v2\/posts\/1525\/revisions\/1541"}],"wp:featuredmedia":[{"embeddable":true,"href":"https:\/\/iskid.org.tr\/ichavakalitesi\/wp-json\/wp\/v2\/media\/1542"}],"wp:attachment":[{"href":"https:\/\/iskid.org.tr\/ichavakalitesi\/wp-json\/wp\/v2\/media?parent=1525"}],"wp:term":[{"taxonomy":"category","embeddable":true,"href":"https:\/\/iskid.org.tr\/ichavakalitesi\/wp-json\/wp\/v2\/categories?post=1525"},{"taxonomy":"post_tag","embeddable":true,"href":"https:\/\/iskid.org.tr\/ichavakalitesi\/wp-json\/wp\/v2\/tags?post=1525"}],"curies":[{"name":"wp","href":"https:\/\/api.w.org\/{rel}","templated":true}]}}