{"id":1431,"date":"2020-05-18T10:28:55","date_gmt":"2020-05-18T10:28:55","guid":{"rendered":"https:\/\/iskid.org.tr\/ichavakalitesi\/?p=1431"},"modified":"2020-05-29T04:58:12","modified_gmt":"2020-05-29T04:58:12","slug":"pandemi-ortaminda-klima-kullanimi-ve-havalandirma-sistemleri","status":"publish","type":"post","link":"https:\/\/iskid.org.tr\/ichavakalitesi\/pandemi-ortaminda-klima-kullanimi-ve-havalandirma-sistemleri\/","title":{"rendered":"Pandemi ortam\u0131nda klima ve havaland\u0131rma"},"content":{"rendered":"","protected":false},"excerpt":{"rendered":"","protected":false},"author":1,"featured_media":1432,"comment_status":"open","ping_status":"open","sticky":false,"template":"","format":"standard","meta":{"jetpack_post_was_ever_published":false,"_jetpack_newsletter_access":"","_jetpack_dont_email_post_to_subs":false,"_jetpack_newsletter_tier_id":0,"_jetpack_memberships_contains_paywalled_content":false,"_jetpack_memberships_contains_paid_content":false,"footnotes":""},"categories":[5],"tags":[],"yoast_head":"<!-- This site is optimized with the Yoast SEO plugin v24.5 - https:\/\/yoast.com\/wordpress\/plugins\/seo\/ -->\n<title>Pandemi Ortamlar\u0131nda \u0130klimlendirme Cihazlar\u0131 - \u0130\u00e7 Hava Kalitesi<\/title>\n<meta name=\"description\" content=\"\u015eubat ay\u0131 i\u00e7inde DS\u00d6 taraf\u0131ndan Pandemi olarak kabul edilen Covid 19, hi\u00e7 \u015f\u00fcphesiz t\u00fcm insanlar\u0131n market al\u0131\u015fveri\u015flerinden, tatil al\u0131\u015fkanl\u0131klar\u0131na kadar...\" \/>\n<meta name=\"robots\" content=\"index, follow, max-snippet:-1, max-image-preview:large, max-video-preview:-1\" \/>\n<link rel=\"canonical\" href=\"https:\/\/iskid.org.tr\/ichavakalitesi\/pandemi-ortaminda-klima-kullanimi-ve-havalandirma-sistemleri\/\" \/>\n<meta property=\"og:locale\" content=\"tr_TR\" \/>\n<meta property=\"og:type\" content=\"article\" \/>\n<meta property=\"og:title\" content=\"Pandemi Ortamlar\u0131nda \u0130klimlendirme Cihazlar\u0131 - \u0130\u00e7 Hava Kalitesi\" \/>\n<meta property=\"og:description\" content=\"\u015eubat ay\u0131 i\u00e7inde DS\u00d6 taraf\u0131ndan Pandemi olarak kabul edilen Covid 19, hi\u00e7 \u015f\u00fcphesiz t\u00fcm insanlar\u0131n market al\u0131\u015fveri\u015flerinden, tatil al\u0131\u015fkanl\u0131klar\u0131na kadar...\" \/>\n<meta property=\"og:url\" content=\"https:\/\/iskid.org.tr\/ichavakalitesi\/pandemi-ortaminda-klima-kullanimi-ve-havalandirma-sistemleri\/\" \/>\n<meta property=\"og:site_name\" content=\"\u0130\u00e7 Hava Kalitesi\" \/>\n<meta property=\"article:published_time\" content=\"2020-05-18T10:28:55+00:00\" \/>\n<meta property=\"article:modified_time\" content=\"2020-05-29T04:58:12+00:00\" \/>\n<meta property=\"og:image\" content=\"https:\/\/i2.wp.com\/iskid.org.tr\/ichavakalitesi\/wp-content\/uploads\/2020\/05\/\u0130\u00e7-Hava-Kalitesi-\u0130skid.jpg?fit=900%2C600&ssl=1\" \/>\n\t<meta property=\"og:image:width\" content=\"900\" \/>\n\t<meta property=\"og:image:height\" content=\"600\" \/>\n\t<meta property=\"og:image:type\" content=\"image\/jpeg\" \/>\n<meta name=\"author\" content=\"\u0130skid\" \/>\n<meta name=\"twitter:card\" content=\"summary_large_image\" \/>\n<meta name=\"twitter:label1\" content=\"Yazan:\" \/>\n\t<meta name=\"twitter:data1\" content=\"\u0130skid\" \/>\n<script type=\"application\/ld+json\" class=\"yoast-schema-graph\">{\"@context\":\"https:\/\/schema.org\",\"@graph\":[{\"@type\":\"WebPage\",\"@id\":\"https:\/\/iskid.org.tr\/ichavakalitesi\/pandemi-ortaminda-klima-kullanimi-ve-havalandirma-sistemleri\/\",\"url\":\"https:\/\/iskid.org.tr\/ichavakalitesi\/pandemi-ortaminda-klima-kullanimi-ve-havalandirma-sistemleri\/\",\"name\":\"Pandemi Ortamlar\u0131nda \u0130klimlendirme Cihazlar\u0131 - \u0130\u00e7 Hava Kalitesi\",\"isPartOf\":{\"@id\":\"https:\/\/iskid.org.tr\/ichavakalitesi\/#website\"},\"primaryImageOfPage\":{\"@id\":\"https:\/\/iskid.org.tr\/ichavakalitesi\/pandemi-ortaminda-klima-kullanimi-ve-havalandirma-sistemleri\/#primaryimage\"},\"image\":{\"@id\":\"https:\/\/iskid.org.tr\/ichavakalitesi\/pandemi-ortaminda-klima-kullanimi-ve-havalandirma-sistemleri\/#primaryimage\"},\"thumbnailUrl\":\"https:\/\/iskid.org.tr\/ichavakalitesi\/wp-content\/uploads\/2020\/05\/\u0130\u00e7-Hava-Kalitesi-\u0130skid.jpg\",\"datePublished\":\"2020-05-18T10:28:55+00:00\",\"dateModified\":\"2020-05-29T04:58:12+00:00\",\"author\":{\"@id\":\"https:\/\/iskid.org.tr\/ichavakalitesi\/#\/schema\/person\/adff415c090cee3a3228ecbcf064b12c\"},\"description\":\"\u015eubat ay\u0131 i\u00e7inde DS\u00d6 taraf\u0131ndan Pandemi olarak kabul edilen Covid 19, hi\u00e7 \u015f\u00fcphesiz t\u00fcm insanlar\u0131n market al\u0131\u015fveri\u015flerinden, tatil al\u0131\u015fkanl\u0131klar\u0131na kadar...\",\"breadcrumb\":{\"@id\":\"https:\/\/iskid.org.tr\/ichavakalitesi\/pandemi-ortaminda-klima-kullanimi-ve-havalandirma-sistemleri\/#breadcrumb\"},\"inLanguage\":\"tr\",\"potentialAction\":[{\"@type\":\"ReadAction\",\"target\":[\"https:\/\/iskid.org.tr\/ichavakalitesi\/pandemi-ortaminda-klima-kullanimi-ve-havalandirma-sistemleri\/\"]}]},{\"@type\":\"ImageObject\",\"inLanguage\":\"tr\",\"@id\":\"https:\/\/iskid.org.tr\/ichavakalitesi\/pandemi-ortaminda-klima-kullanimi-ve-havalandirma-sistemleri\/#primaryimage\",\"url\":\"https:\/\/iskid.org.tr\/ichavakalitesi\/wp-content\/uploads\/2020\/05\/\u0130\u00e7-Hava-Kalitesi-\u0130skid.jpg\",\"contentUrl\":\"https:\/\/iskid.org.tr\/ichavakalitesi\/wp-content\/uploads\/2020\/05\/\u0130\u00e7-Hava-Kalitesi-\u0130skid.jpg\",\"width\":900,\"height\":600,\"caption\":\"\u0130\u00e7 Hava Kalitesi \u0130skid\"},{\"@type\":\"BreadcrumbList\",\"@id\":\"https:\/\/iskid.org.tr\/ichavakalitesi\/pandemi-ortaminda-klima-kullanimi-ve-havalandirma-sistemleri\/#breadcrumb\",\"itemListElement\":[{\"@type\":\"ListItem\",\"position\":1,\"name\":\"Ana sayfa\",\"item\":\"https:\/\/iskid.org.tr\/ichavakalitesi\/\"},{\"@type\":\"ListItem\",\"position\":2,\"name\":\"Pandemi ortam\u0131nda klima ve havaland\u0131rma\"}]},{\"@type\":\"WebSite\",\"@id\":\"https:\/\/iskid.org.tr\/ichavakalitesi\/#website\",\"url\":\"https:\/\/iskid.org.tr\/ichavakalitesi\/\",\"name\":\"\u0130\u00e7 Hava Kalitesi\",\"description\":\"\u0130skid\",\"potentialAction\":[{\"@type\":\"SearchAction\",\"target\":{\"@type\":\"EntryPoint\",\"urlTemplate\":\"https:\/\/iskid.org.tr\/ichavakalitesi\/?s={search_term_string}\"},\"query-input\":{\"@type\":\"PropertyValueSpecification\",\"valueRequired\":true,\"valueName\":\"search_term_string\"}}],\"inLanguage\":\"tr\"},{\"@type\":\"Person\",\"@id\":\"https:\/\/iskid.org.tr\/ichavakalitesi\/#\/schema\/person\/adff415c090cee3a3228ecbcf064b12c\",\"name\":\"\u0130skid\",\"image\":{\"@type\":\"ImageObject\",\"inLanguage\":\"tr\",\"@id\":\"https:\/\/iskid.org.tr\/ichavakalitesi\/#\/schema\/person\/image\/\",\"url\":\"https:\/\/secure.gravatar.com\/avatar\/2081f60caf22f39d713db015a83f3160?s=96&d=mm&r=g\",\"contentUrl\":\"https:\/\/secure.gravatar.com\/avatar\/2081f60caf22f39d713db015a83f3160?s=96&d=mm&r=g\",\"caption\":\"\u0130skid\"},\"sameAs\":[\"https:\/\/iskid.org.tr\/ichavakalitesi\"],\"url\":\"https:\/\/iskid.org.tr\/ichavakalitesi\/author\/tuncay\/\"}]}<\/script>\n<!-- \/ Yoast SEO plugin. -->","yoast_head_json":{"title":"Pandemi Ortamlar\u0131nda \u0130klimlendirme Cihazlar\u0131 - \u0130\u00e7 Hava Kalitesi","description":"\u015eubat ay\u0131 i\u00e7inde DS\u00d6 taraf\u0131ndan Pandemi olarak kabul edilen Covid 19, hi\u00e7 \u015f\u00fcphesiz t\u00fcm insanlar\u0131n market al\u0131\u015fveri\u015flerinden, tatil al\u0131\u015fkanl\u0131klar\u0131na kadar...","robots":{"index":"index","follow":"follow","max-snippet":"max-snippet:-1","max-image-preview":"max-image-preview:large","max-video-preview":"max-video-preview:-1"},"canonical":"https:\/\/iskid.org.tr\/ichavakalitesi\/pandemi-ortaminda-klima-kullanimi-ve-havalandirma-sistemleri\/","og_locale":"tr_TR","og_type":"article","og_title":"Pandemi Ortamlar\u0131nda \u0130klimlendirme Cihazlar\u0131 - \u0130\u00e7 Hava Kalitesi","og_description":"\u015eubat ay\u0131 i\u00e7inde DS\u00d6 taraf\u0131ndan Pandemi olarak kabul edilen Covid 19, hi\u00e7 \u015f\u00fcphesiz t\u00fcm insanlar\u0131n market al\u0131\u015fveri\u015flerinden, tatil al\u0131\u015fkanl\u0131klar\u0131na kadar...","og_url":"https:\/\/iskid.org.tr\/ichavakalitesi\/pandemi-ortaminda-klima-kullanimi-ve-havalandirma-sistemleri\/","og_site_name":"\u0130\u00e7 Hava Kalitesi","article_published_time":"2020-05-18T10:28:55+00:00","article_modified_time":"2020-05-29T04:58:12+00:00","og_image":[{"width":900,"height":600,"url":"https:\/\/i2.wp.com\/iskid.org.tr\/ichavakalitesi\/wp-content\/uploads\/2020\/05\/\u0130\u00e7-Hava-Kalitesi-\u0130skid.jpg?fit=900%2C600&ssl=1","type":"image\/jpeg"}],"author":"\u0130skid","twitter_card":"summary_large_image","twitter_misc":{"Yazan:":"\u0130skid"},"schema":{"@context":"https:\/\/schema.org","@graph":[{"@type":"WebPage","@id":"https:\/\/iskid.org.tr\/ichavakalitesi\/pandemi-ortaminda-klima-kullanimi-ve-havalandirma-sistemleri\/","url":"https:\/\/iskid.org.tr\/ichavakalitesi\/pandemi-ortaminda-klima-kullanimi-ve-havalandirma-sistemleri\/","name":"Pandemi Ortamlar\u0131nda \u0130klimlendirme Cihazlar\u0131 - \u0130\u00e7 Hava Kalitesi","isPartOf":{"@id":"https:\/\/iskid.org.tr\/ichavakalitesi\/#website"},"primaryImageOfPage":{"@id":"https:\/\/iskid.org.tr\/ichavakalitesi\/pandemi-ortaminda-klima-kullanimi-ve-havalandirma-sistemleri\/#primaryimage"},"image":{"@id":"https:\/\/iskid.org.tr\/ichavakalitesi\/pandemi-ortaminda-klima-kullanimi-ve-havalandirma-sistemleri\/#primaryimage"},"thumbnailUrl":"https:\/\/iskid.org.tr\/ichavakalitesi\/wp-content\/uploads\/2020\/05\/\u0130\u00e7-Hava-Kalitesi-\u0130skid.jpg","datePublished":"2020-05-18T10:28:55+00:00","dateModified":"2020-05-29T04:58:12+00:00","author":{"@id":"https:\/\/iskid.org.tr\/ichavakalitesi\/#\/schema\/person\/adff415c090cee3a3228ecbcf064b12c"},"description":"\u015eubat ay\u0131 i\u00e7inde DS\u00d6 taraf\u0131ndan Pandemi olarak kabul edilen Covid 19, hi\u00e7 \u015f\u00fcphesiz t\u00fcm insanlar\u0131n market al\u0131\u015fveri\u015flerinden, tatil al\u0131\u015fkanl\u0131klar\u0131na kadar...","breadcrumb":{"@id":"https:\/\/iskid.org.tr\/ichavakalitesi\/pandemi-ortaminda-klima-kullanimi-ve-havalandirma-sistemleri\/#breadcrumb"},"inLanguage":"tr","potentialAction":[{"@type":"ReadAction","target":["https:\/\/iskid.org.tr\/ichavakalitesi\/pandemi-ortaminda-klima-kullanimi-ve-havalandirma-sistemleri\/"]}]},{"@type":"ImageObject","inLanguage":"tr","@id":"https:\/\/iskid.org.tr\/ichavakalitesi\/pandemi-ortaminda-klima-kullanimi-ve-havalandirma-sistemleri\/#primaryimage","url":"https:\/\/iskid.org.tr\/ichavakalitesi\/wp-content\/uploads\/2020\/05\/\u0130\u00e7-Hava-Kalitesi-\u0130skid.jpg","contentUrl":"https:\/\/iskid.org.tr\/ichavakalitesi\/wp-content\/uploads\/2020\/05\/\u0130\u00e7-Hava-Kalitesi-\u0130skid.jpg","width":900,"height":600,"caption":"\u0130\u00e7 Hava Kalitesi \u0130skid"},{"@type":"BreadcrumbList","@id":"https:\/\/iskid.org.tr\/ichavakalitesi\/pandemi-ortaminda-klima-kullanimi-ve-havalandirma-sistemleri\/#breadcrumb","itemListElement":[{"@type":"ListItem","position":1,"name":"Ana sayfa","item":"https:\/\/iskid.org.tr\/ichavakalitesi\/"},{"@type":"ListItem","position":2,"name":"Pandemi ortam\u0131nda klima ve havaland\u0131rma"}]},{"@type":"WebSite","@id":"https:\/\/iskid.org.tr\/ichavakalitesi\/#website","url":"https:\/\/iskid.org.tr\/ichavakalitesi\/","name":"\u0130\u00e7 Hava Kalitesi","description":"\u0130skid","potentialAction":[{"@type":"SearchAction","target":{"@type":"EntryPoint","urlTemplate":"https:\/\/iskid.org.tr\/ichavakalitesi\/?s={search_term_string}"},"query-input":{"@type":"PropertyValueSpecification","valueRequired":true,"valueName":"search_term_string"}}],"inLanguage":"tr"},{"@type":"Person","@id":"https:\/\/iskid.org.tr\/ichavakalitesi\/#\/schema\/person\/adff415c090cee3a3228ecbcf064b12c","name":"\u0130skid","image":{"@type":"ImageObject","inLanguage":"tr","@id":"https:\/\/iskid.org.tr\/ichavakalitesi\/#\/schema\/person\/image\/","url":"https:\/\/secure.gravatar.com\/avatar\/2081f60caf22f39d713db015a83f3160?s=96&d=mm&r=g","contentUrl":"https:\/\/secure.gravatar.com\/avatar\/2081f60caf22f39d713db015a83f3160?s=96&d=mm&r=g","caption":"\u0130skid"},"sameAs":["https:\/\/iskid.org.tr\/ichavakalitesi"],"url":"https:\/\/iskid.org.tr\/ichavakalitesi\/author\/tuncay\/"}]}},"jetpack_featured_media_url":"https:\/\/iskid.org.tr\/ichavakalitesi\/wp-content\/uploads\/2020\/05\/\u0130\u00e7-Hava-Kalitesi-\u0130skid.jpg","jetpack_sharing_enabled":true,"_links":{"self":[{"href":"https:\/\/iskid.org.tr\/ichavakalitesi\/wp-json\/wp\/v2\/posts\/1431"}],"collection":[{"href":"https:\/\/iskid.org.tr\/ichavakalitesi\/wp-json\/wp\/v2\/posts"}],"about":[{"href":"https:\/\/iskid.org.tr\/ichavakalitesi\/wp-json\/wp\/v2\/types\/post"}],"author":[{"embeddable":true,"href":"https:\/\/iskid.org.tr\/ichavakalitesi\/wp-json\/wp\/v2\/users\/1"}],"replies":[{"embeddable":true,"href":"https:\/\/iskid.org.tr\/ichavakalitesi\/wp-json\/wp\/v2\/comments?post=1431"}],"version-history":[{"count":4,"href":"https:\/\/iskid.org.tr\/ichavakalitesi\/wp-json\/wp\/v2\/posts\/1431\/revisions"}],"predecessor-version":[{"id":1456,"href":"https:\/\/iskid.org.tr\/ichavakalitesi\/wp-json\/wp\/v2\/posts\/1431\/revisions\/1456"}],"wp:featuredmedia":[{"embeddable":true,"href":"https:\/\/iskid.org.tr\/ichavakalitesi\/wp-json\/wp\/v2\/media\/1432"}],"wp:attachment":[{"href":"https:\/\/iskid.org.tr\/ichavakalitesi\/wp-json\/wp\/v2\/media?parent=1431"}],"wp:term":[{"taxonomy":"category","embeddable":true,"href":"https:\/\/iskid.org.tr\/ichavakalitesi\/wp-json\/wp\/v2\/categories?post=1431"},{"taxonomy":"post_tag","embeddable":true,"href":"https:\/\/iskid.org.tr\/ichavakalitesi\/wp-json\/wp\/v2\/tags?post=1431"}],"curies":[{"name":"wp","href":"https:\/\/api.w.org\/{rel}","templated":true}]}}